{"id":2805,"date":"2026-07-01T21:41:41","date_gmt":"2026-07-01T19:41:41","guid":{"rendered":"https:\/\/www.bergamositoweb.it\/sito-test\/?p=2805"},"modified":"2026-07-01T21:57:12","modified_gmt":"2026-07-01T19:57:12","slug":"la-guida-alla-scelta-dei-portoni-automatici-per-garage","status":"publish","type":"post","link":"https:\/\/www.bergamositoweb.it\/sito-test\/la-guida-alla-scelta-dei-portoni-automatici-per-garage\/","title":{"rendered":"La guida alla scelta dei portoni automatici per garage"},"content":{"rendered":"<section class=\"l-section wpb_row height_medium\"><div class=\"l-section-h i-cf\"><div class=\"g-cols vc_row via_grid cols_2 laptops-cols_inherit tablets-cols_inherit mobiles-cols_1 valign_top type_default stacking_default\"><div class=\"wpb_column vc_column_container\"><div class=\"vc_column-inner\"><nav class=\"g-breadcrumbs separator_icon align_left\" itemscope itemtype=\"http:\/\/schema.org\/BreadcrumbList\"><div class=\"g-breadcrumbs-item\" itemscope itemprop=\"itemListElement\" itemtype=\"http:\/\/schema.org\/ListItem\"><a itemprop=\"item\" href=\"https:\/\/www.bergamositoweb.it\/sito-test\/\"><span itemprop=\"name\">Home<\/span><\/a><meta itemprop=\"position\" content=\"1\"\/><\/div><div class=\"g-breadcrumbs-separator\"><i class=\"far fa-angle-right\"><\/i><\/div><div class=\"g-breadcrumbs-item\">Pagine<\/div><\/nav><\/div><\/div><div class=\"wpb_column vc_column_container\"><div class=\"vc_column-inner\"><\/div><\/div><\/div><\/div><\/section><section class=\"l-section wpb_row height_auto\"><div class=\"l-section-h i-cf\"><div class=\"g-cols vc_row via_grid cols_1-3 laptops-cols_inherit tablets-cols_inherit mobiles-cols_1 valign_top type_default stacking_default\"><div class=\"wpb_column vc_column_container\"><div class=\"vc_column-inner\"><section class=\"l-section wpb_row us_custom_57f5615c hide_on_tablets hide_on_mobiles height_auto\"><div class=\"l-section-h i-cf\"><div class=\"g-cols vc_row via_grid cols_1 laptops-cols_inherit tablets-cols_inherit mobiles-cols_1 valign_top type_default stacking_default\"><div class=\"wpb_column vc_column_container\"><div class=\"vc_column-inner\"><h5 class=\"w-text\"><span class=\"w-text-h\"><span class=\"w-text-value\">Potrebbe interessarti anche<\/span><\/span><\/h5><div class=\"w-separator size_custom\" style=\"height:19px\"><\/div><div class=\"w-grid us_post_list type_grid layout_1511 cols_1 preload_style_spinner\" id=\"us_post_list_gf57\" style=\"--columns:1;--gap:0.7rem;\"><style>.layout_1511 .w-grid-item-h{}.layout_1511 .usg_post_title_1{color:#1a3a6a!important;font-size:16px!important;font-weight:700!important;max-width:610px!important;margin-left:auto!important;margin-bottom:2rem!important;margin-right:auto!important}.layout_1511 .usg_post_image_1{aspect-ratio:16\/9!important;margin-bottom:2rem!important}.layout_1511 .usg_post_content_1{font-size:15px!important;line-height:19px!important;font-weight:500!important;max-width:610px!important;margin-left:auto!important;margin-bottom:3rem!important;margin-right:auto!important}<\/style><div class=\"w-grid-list\">\t<article class=\"w-grid-item size_1x1 post-2961 post type-post status-publish format-standard has-post-thumbnail hentry category-automazioni-ditec\" data-id=\"2961\">\r\n\t\t<div class=\"w-grid-item-h\">\r\n\t\t\t\t\t\t<div class=\"w-post-elm post_title usg_post_title_1 has_text_color color_link_inherit\"><a href=\"https:\/\/www.bergamositoweb.it\/sito-test\/automazioni-ditec-per-scuri-in-una-villa-sul-sile\/\">Automazioni Ditec per scuri in una villa sul Sile<\/a><\/div><div class=\"w-post-elm post_image usg_post_image_1 has_aspect_ratio stretched\"><a href=\"https:\/\/www.bergamositoweb.it\/sito-test\/automazioni-ditec-per-scuri-in-una-villa-sul-sile\/\" aria-label=\"Automazioni Ditec per scuri in una villa sul Sile\"><img loading=\"lazy\" decoding=\"async\" width=\"1448\" height=\"1086\" src=\"https:\/\/www.bergamositoweb.it\/sito-test\/wp-content\/uploads\/2026\/07\/Automazioni-per-persiane-a-battente-3.jpg\" class=\"attachment-full size-full wp-post-image\" alt=\"\" srcset=\"https:\/\/www.bergamositoweb.it\/sito-test\/wp-content\/uploads\/2026\/07\/Automazioni-per-persiane-a-battente-3.jpg 1448w, https:\/\/www.bergamositoweb.it\/sito-test\/wp-content\/uploads\/2026\/07\/Automazioni-per-persiane-a-battente-3-300x225.jpg 300w, https:\/\/www.bergamositoweb.it\/sito-test\/wp-content\/uploads\/2026\/07\/Automazioni-per-persiane-a-battente-3-1024x768.jpg 1024w, https:\/\/www.bergamositoweb.it\/sito-test\/wp-content\/uploads\/2026\/07\/Automazioni-per-persiane-a-battente-3-600x450.jpg 600w\" sizes=\"auto, (max-width: 1448px) 100vw, 1448px\" \/><\/a><\/div><div class=\"w-post-elm post_content usg_post_content_1\"><p>Sono state montate le automazioni RADIUS di Ditec, semplici e quasi invisibili bracci snodati\u00a0scorrevoli su guide in alluminio<\/p>\n<\/div><div class=\"w-html usg_html_1\"><hr style=\"border: none; border-top: 2px dashed #8B0000; margin: 30px 0;\"><\/div>\t\t<\/div>\r\n\t\t\t<\/article>\r\n\t<article class=\"w-grid-item size_1x1 post-2569 post type-post status-publish format-standard has-post-thumbnail hentry category-porte-automatiche\" data-id=\"2569\">\r\n\t\t<div class=\"w-grid-item-h\">\r\n\t\t\t\t\t\t<div class=\"w-post-elm post_title usg_post_title_1 has_text_color color_link_inherit\"><a href=\"https:\/\/www.bergamositoweb.it\/sito-test\/porte-automatiche-ditec-vetrate-scorrevoli-e-porte-ospedaliere-a-dolo\/\">Porte automatiche Ditec, vetrate scorrevoli e porte ospedaliere a Dolo<\/a><\/div><div class=\"w-post-elm post_image usg_post_image_1 has_aspect_ratio stretched\"><a href=\"https:\/\/www.bergamositoweb.it\/sito-test\/porte-automatiche-ditec-vetrate-scorrevoli-e-porte-ospedaliere-a-dolo\/\" aria-label=\"Porte automatiche Ditec, vetrate scorrevoli e porte ospedaliere a Dolo\"><img loading=\"lazy\" decoding=\"async\" width=\"1500\" height=\"2000\" src=\"https:\/\/www.bergamositoweb.it\/sito-test\/wp-content\/uploads\/2026\/06\/Porte-automatiche-ospedale-da-Nordest-Automazioni4.jpeg\" class=\"attachment-full size-full wp-post-image\" alt=\"\" srcset=\"https:\/\/www.bergamositoweb.it\/sito-test\/wp-content\/uploads\/2026\/06\/Porte-automatiche-ospedale-da-Nordest-Automazioni4.jpeg 1500w, https:\/\/www.bergamositoweb.it\/sito-test\/wp-content\/uploads\/2026\/06\/Porte-automatiche-ospedale-da-Nordest-Automazioni4-225x300.jpeg 225w, https:\/\/www.bergamositoweb.it\/sito-test\/wp-content\/uploads\/2026\/06\/Porte-automatiche-ospedale-da-Nordest-Automazioni4-768x1024.jpeg 768w, https:\/\/www.bergamositoweb.it\/sito-test\/wp-content\/uploads\/2026\/06\/Porte-automatiche-ospedale-da-Nordest-Automazioni4-600x800.jpeg 600w\" sizes=\"auto, (max-width: 1500px) 100vw, 1500px\" \/><\/a><\/div><div class=\"w-post-elm post_content usg_post_content_1\"><p>Nordest Automazioni ha eseguito un intervento molto complesso che ha visto i suoi tecnici impegnati su diversi manufatti nei diversi piano dell\u2019edificio<\/p>\n<\/div><div class=\"w-html usg_html_1\"><hr style=\"border: none; border-top: 2px dashed #8B0000; margin: 30px 0;\"><\/div>\t\t<\/div>\r\n\t\t\t<\/article>\r\n\t<article class=\"w-grid-item size_1x1 post-2751 post type-post status-publish format-standard has-post-thumbnail hentry category-cancelli-automatici\" data-id=\"2751\">\r\n\t\t<div class=\"w-grid-item-h\">\r\n\t\t\t\t\t\t<div class=\"w-post-elm post_title usg_post_title_1 has_text_color color_link_inherit\"><a href=\"https:\/\/www.bergamositoweb.it\/sito-test\/cancelli-automatici-novotecnica-di-ditec-e-la-millemiglia\/\">Cancelli automatici Novotecnica di Ditec e la Millemiglia<\/a><\/div><div class=\"w-post-elm post_image usg_post_image_1 has_aspect_ratio stretched\"><a href=\"https:\/\/www.bergamositoweb.it\/sito-test\/cancelli-automatici-novotecnica-di-ditec-e-la-millemiglia\/\" aria-label=\"Cancelli automatici Novotecnica di Ditec e la Millemiglia\"><img loading=\"lazy\" decoding=\"async\" width=\"1440\" height=\"1920\" src=\"https:\/\/www.bergamositoweb.it\/sito-test\/wp-content\/uploads\/2026\/07\/Cancelli-automatici-Nordest-Automazioni4.jpeg\" class=\"attachment-full size-full wp-post-image\" alt=\"\" srcset=\"https:\/\/www.bergamositoweb.it\/sito-test\/wp-content\/uploads\/2026\/07\/Cancelli-automatici-Nordest-Automazioni4.jpeg 1440w, https:\/\/www.bergamositoweb.it\/sito-test\/wp-content\/uploads\/2026\/07\/Cancelli-automatici-Nordest-Automazioni4-225x300.jpeg 225w, https:\/\/www.bergamositoweb.it\/sito-test\/wp-content\/uploads\/2026\/07\/Cancelli-automatici-Nordest-Automazioni4-768x1024.jpeg 768w, https:\/\/www.bergamositoweb.it\/sito-test\/wp-content\/uploads\/2026\/07\/Cancelli-automatici-Nordest-Automazioni4-600x800.jpeg 600w\" sizes=\"auto, (max-width: 1440px) 100vw, 1440px\" \/><\/a><\/div><div class=\"w-post-elm post_content usg_post_content_1\"><p>Quando anche i cancelli automatici Novotecnica, poi diventati Ditec, erano in viaggio in tutta Italia<\/p>\n<\/div><div class=\"w-html usg_html_1\"><hr style=\"border: none; border-top: 2px dashed #8B0000; margin: 30px 0;\"><\/div>\t\t<\/div>\r\n\t\t\t<\/article>\r\n\t<article class=\"w-grid-item size_1x1 post-2772 post type-post status-publish format-standard has-post-thumbnail hentry category-porte-automatiche\" data-id=\"2772\">\r\n\t\t<div class=\"w-grid-item-h\">\r\n\t\t\t\t\t\t<div class=\"w-post-elm post_title usg_post_title_1 has_text_color color_link_inherit\"><a href=\"https:\/\/www.bergamositoweb.it\/sito-test\/vetrate-automatiche-per-piscina-a-jesolo\/\">Vetrate automatiche per piscina a Jesolo<\/a><\/div><div class=\"w-post-elm post_image usg_post_image_1 has_aspect_ratio stretched\"><a href=\"https:\/\/www.bergamositoweb.it\/sito-test\/vetrate-automatiche-per-piscina-a-jesolo\/\" aria-label=\"Vetrate automatiche per piscina a Jesolo\"><img loading=\"lazy\" decoding=\"async\" width=\"1672\" height=\"941\" src=\"https:\/\/www.bergamositoweb.it\/sito-test\/wp-content\/uploads\/2026\/07\/Vetrate-automatiche-per-piscina-da-Nordest-Automazioni.jpg\" class=\"attachment-full size-full wp-post-image\" alt=\"\" srcset=\"https:\/\/www.bergamositoweb.it\/sito-test\/wp-content\/uploads\/2026\/07\/Vetrate-automatiche-per-piscina-da-Nordest-Automazioni.jpg 1672w, https:\/\/www.bergamositoweb.it\/sito-test\/wp-content\/uploads\/2026\/07\/Vetrate-automatiche-per-piscina-da-Nordest-Automazioni-300x169.jpg 300w, https:\/\/www.bergamositoweb.it\/sito-test\/wp-content\/uploads\/2026\/07\/Vetrate-automatiche-per-piscina-da-Nordest-Automazioni-1024x576.jpg 1024w, https:\/\/www.bergamositoweb.it\/sito-test\/wp-content\/uploads\/2026\/07\/Vetrate-automatiche-per-piscina-da-Nordest-Automazioni-600x338.jpg 600w\" sizes=\"auto, (max-width: 1672px) 100vw, 1672px\" \/><\/a><\/div><div class=\"w-post-elm post_content usg_post_content_1\"><p>Due vetrate mobili larghe 7 metri e mosse da Ditec Valor HS: un\u2019automazione per porte a tenuta semi ermetica<\/p>\n<\/div><div class=\"w-html usg_html_1\"><hr style=\"border: none; border-top: 2px dashed #8B0000; margin: 30px 0;\"><\/div>\t\t<\/div>\r\n\t\t\t<\/article>\r\n\t<article class=\"w-grid-item size_1x1 post-1523 post type-post status-publish format-standard has-post-thumbnail hentry category-porte-automatiche\" data-id=\"1523\">\r\n\t\t<div class=\"w-grid-item-h\">\r\n\t\t\t\t\t\t<div class=\"w-post-elm post_title usg_post_title_1 has_text_color color_link_inherit\"><a href=\"https:\/\/www.bergamositoweb.it\/sito-test\/60-porte-automatiche-nelle-sale-operatorie-a-treviso\/\">60 porte automatiche nelle sale operatorie a Treviso<\/a><\/div><div class=\"w-post-elm post_image usg_post_image_1 has_aspect_ratio stretched\"><a href=\"https:\/\/www.bergamositoweb.it\/sito-test\/60-porte-automatiche-nelle-sale-operatorie-a-treviso\/\" aria-label=\"60 porte automatiche nelle sale operatorie a Treviso\"><img loading=\"lazy\" decoding=\"async\" width=\"1533\" height=\"1026\" src=\"https:\/\/www.bergamositoweb.it\/sito-test\/wp-content\/uploads\/2026\/06\/Ante-porte-ospedaliere-Nordest-Automazioni.jpg\" class=\"attachment-full size-full wp-post-image\" alt=\"\" srcset=\"https:\/\/www.bergamositoweb.it\/sito-test\/wp-content\/uploads\/2026\/06\/Ante-porte-ospedaliere-Nordest-Automazioni.jpg 1533w, https:\/\/www.bergamositoweb.it\/sito-test\/wp-content\/uploads\/2026\/06\/Ante-porte-ospedaliere-Nordest-Automazioni-300x201.jpg 300w, https:\/\/www.bergamositoweb.it\/sito-test\/wp-content\/uploads\/2026\/06\/Ante-porte-ospedaliere-Nordest-Automazioni-1024x685.jpg 1024w, https:\/\/www.bergamositoweb.it\/sito-test\/wp-content\/uploads\/2026\/06\/Ante-porte-ospedaliere-Nordest-Automazioni-600x402.jpg 600w\" sizes=\"auto, (max-width: 1533px) 100vw, 1533px\" \/><\/a><\/div><div class=\"w-post-elm post_content usg_post_content_1\"><p>Porte scorrevoli, a battente e scorrevoli a chiusura ermetica per sale operatorie, nei nuovi reparti dell\u2019ospedale di Treviso<\/p>\n<\/div><div class=\"w-html usg_html_1\"><hr style=\"border: none; border-top: 2px dashed #8B0000; margin: 30px 0;\"><\/div>\t\t<\/div>\r\n\t\t\t<\/article>\r\n\t<article class=\"w-grid-item size_1x1 post-2938 post type-post status-publish format-standard has-post-thumbnail hentry category-porte-automatiche\" data-id=\"2938\">\r\n\t\t<div class=\"w-grid-item-h\">\r\n\t\t\t\t\t\t<div class=\"w-post-elm post_title usg_post_title_1 has_text_color color_link_inherit\"><a href=\"https:\/\/www.bergamositoweb.it\/sito-test\/porte-automatiche-ditec-per-il-nuovo-punto-vendita-obi-di-silea-tv\/\">Porte automatiche DITEC per il nuovo punto vendita OBI di Silea (TV)<\/a><\/div><div class=\"w-post-elm post_image usg_post_image_1 has_aspect_ratio stretched\"><a href=\"https:\/\/www.bergamositoweb.it\/sito-test\/porte-automatiche-ditec-per-il-nuovo-punto-vendita-obi-di-silea-tv\/\" aria-label=\"Porte automatiche DITEC per il nuovo punto vendita OBI di Silea (TV)\"><img loading=\"lazy\" decoding=\"async\" width=\"838\" height=\"471\" src=\"https:\/\/www.bergamositoweb.it\/sito-test\/wp-content\/uploads\/2026\/07\/448.jpg\" class=\"attachment-full size-full wp-post-image\" alt=\"\" srcset=\"https:\/\/www.bergamositoweb.it\/sito-test\/wp-content\/uploads\/2026\/07\/448.jpg 838w, https:\/\/www.bergamositoweb.it\/sito-test\/wp-content\/uploads\/2026\/07\/448-300x169.jpg 300w, https:\/\/www.bergamositoweb.it\/sito-test\/wp-content\/uploads\/2026\/07\/448-600x337.jpg 600w\" sizes=\"auto, (max-width: 838px) 100vw, 838px\" \/><\/a><\/div><div class=\"w-post-elm post_content usg_post_content_1\"><p>L\u2019accesso a questo eden \u00e8 gestito con 2 porte automatiche scorrevoli rettilinee Ditec Valor con serramento certificato Ditec PAM45M e sfondamento antipanico AST<\/p>\n<\/div><div class=\"w-html usg_html_1\"><hr style=\"border: none; border-top: 2px dashed #8B0000; margin: 30px 0;\"><\/div>\t\t<\/div>\r\n\t\t\t<\/article>\r\n<\/div><div class=\"g-preloader type_1\"><div><\/div><\/div><div class=\"w-grid-list-json hidden\" onclick='return {&quot;max_num_pages&quot;:0,&quot;paginationBase&quot;:&quot;page&quot;,&quot;pagination&quot;:&quot;none&quot;,&quot;paged&quot;:1,&quot;ajaxData&quot;:{&quot;action&quot;:&quot;us_ajax_post_list&quot;,&quot;meta_type&quot;:&quot;post&quot;,&quot;object_id&quot;:0,&quot;template_vars&quot;:{&quot;shortcode_base&quot;:&quot;us_post_list&quot;,&quot;paged&quot;:1,&quot;max_num_pages&quot;:0,&quot;no_results&quot;:false,&quot;us_post_content_design_css&quot;:[],&quot;found_posts&quot;:0,&quot;per_page&quot;:6,&quot;items_count&quot;:6,&quot;orderby_random_seed&quot;:186515332,&quot;source&quot;:&quot;all&quot;,&quot;custom_field_name&quot;:&quot;&quot;,&quot;ids&quot;:&quot;&quot;,&quot;post_type&quot;:&quot;post&quot;,&quot;attachment_ids&quot;:null,&quot;include_post_thumbnail&quot;:0,&quot;post_author&quot;:&quot;any&quot;,&quot;post_author_ids&quot;:&quot;&quot;,&quot;apply_url_params&quot;:0,&quot;ignore_sticky_posts&quot;:1,&quot;exclude_children&quot;:0,&quot;exclude_current_post&quot;:1,&quot;exclude_prev_posts&quot;:0,&quot;exclude_past_events&quot;:0,&quot;enable_items_offset&quot;:0,&quot;items_offset&quot;:&quot;1&quot;,&quot;tax_query_relation&quot;:&quot;none&quot;,&quot;tax_query&quot;:[{&quot;operator&quot;:&quot;IN&quot;,&quot;taxonomy&quot;:&quot;category&quot;,&quot;terms&quot;:&quot;&quot;,&quot;include_children&quot;:0}],&quot;meta_query_relation&quot;:&quot;none&quot;,&quot;meta_query&quot;:[{&quot;key&quot;:&quot;custom_field_name&quot;,&quot;compare&quot;:&quot;=&quot;,&quot;value&quot;:&quot;&quot;}],&quot;orderby&quot;:&quot;rand&quot;,&quot;orderby_custom_field&quot;:&quot;&quot;,&quot;orderby_custom_type&quot;:0,&quot;order_invert&quot;:0,&quot;show_all&quot;:0,&quot;quantity&quot;:&quot;6&quot;,&quot;posts_per_archive_page&quot;:0,&quot;no_items_action&quot;:&quot;message&quot;,&quot;no_items_message&quot;:&quot;Nessun risultato trovato.&quot;,&quot;no_items_page_block&quot;:&quot;&quot;,&quot;pagination&quot;:&quot;none&quot;,&quot;pagination_style&quot;:&quot;&quot;,&quot;pagination_btn_text&quot;:&quot;Carica altro&quot;,&quot;pagination_btn_size&quot;:&quot;&quot;,&quot;pagination_btn_style&quot;:&quot;1&quot;,&quot;pagination_btn_fullwidth&quot;:0,&quot;items_layout&quot;:&quot;1511&quot;,&quot;type&quot;:&quot;grid&quot;,&quot;items_valign&quot;:0,&quot;ignore_items_size&quot;:0,&quot;columns&quot;:&quot;1&quot;,&quot;items_gap&quot;:&quot;0.7rem&quot;,&quot;load_animation&quot;:&quot;none&quot;,&quot;items_preload_style&quot;:&quot;spinner&quot;,&quot;img_size&quot;:&quot;default&quot;,&quot;img_aspect_ratio&quot;:&quot;&quot;,&quot;title_size&quot;:&quot;&quot;,&quot;items_ratio&quot;:&quot;default&quot;,&quot;items_ratio_width&quot;:&quot;21&quot;,&quot;items_ratio_height&quot;:&quot;9&quot;,&quot;overriding_link&quot;:&quot;%7B%22url%22%3A%22%22%7D&quot;,&quot;popup_page_template&quot;:&quot;0&quot;,&quot;popup_width&quot;:&quot;&quot;,&quot;popup_arrows&quot;:1,&quot;breakpoint_1_width&quot;:&quot;1381px&quot;,&quot;breakpoint_1_cols&quot;:&quot;default&quot;,&quot;breakpoint_1_quantity&quot;:&quot;&quot;,&quot;breakpoint_1_gap&quot;:&quot;&quot;,&quot;breakpoint_2_width&quot;:&quot;1025px&quot;,&quot;breakpoint_2_cols&quot;:&quot;2&quot;,&quot;breakpoint_2_quantity&quot;:&quot;&quot;,&quot;breakpoint_2_gap&quot;:&quot;&quot;,&quot;breakpoint_3_width&quot;:&quot;601px&quot;,&quot;breakpoint_3_cols&quot;:&quot;1&quot;,&quot;breakpoint_3_quantity&quot;:&quot;&quot;,&quot;breakpoint_3_gap&quot;:&quot;&quot;,&quot;conditions_operator&quot;:&quot;always&quot;,&quot;conditions&quot;:[],&quot;css&quot;:null,&quot;el_class&quot;:&quot;&quot;,&quot;el_id&quot;:&quot;&quot;,&quot;enable_custom_html_atts&quot;:0,&quot;custom_html_atts&quot;:null,&quot;hide_on_states&quot;:&quot;&quot;,&quot;hide_for_sticky&quot;:0,&quot;hide_for_not_sticky&quot;:0,&quot;hide_below&quot;:&quot;0px&quot;,&quot;hide_above&quot;:&quot;0px&quot;,&quot;classes&quot;:&quot;&quot;},&quot;found_posts&quot;:0,&quot;per_page&quot;:6,&quot;orderby_random_seed&quot;:186515332},&quot;facetedFilter&quot;:[]}'><\/div><\/div><div class=\"w-separator size_medium\"><\/div><\/div><\/div><\/div><\/div><\/section>\n<\/div><\/div><div class=\"wpb_column vc_column_container\"><div class=\"vc_column-inner\"><h3 class=\"w-post-elm post_title color_link_inherit\">Porte automatiche DITEC per il nuovo punto vendita OBI di Silea (TV)<\/h3><div class=\"w-separator us_custom_545e56d0 has_text_color size_custom with_line width_30 thick_3 style_solid color_primary align_center\" style=\"height:15px\"><div class=\"w-separator-h\"><\/div><\/div><div class=\"w-separator size_small\"><\/div><div class=\"w-post-elm post_image us_custom_437d3c80 has_aspect_ratio stretched\"><a ref=\"magnificPopup\" href=\"https:\/\/www.bergamositoweb.it\/sito-test\/wp-content\/plugins\/us-core\/assets\/images\/placeholder.svg\" aria-label=\"Porte automatiche DITEC per il nuovo punto vendita OBI di Silea (TV)\"><img loading=\"lazy\" decoding=\"async\" width=\"838\" height=\"471\" src=\"https:\/\/www.bergamositoweb.it\/sito-test\/wp-content\/uploads\/2026\/07\/448.jpg\" class=\"attachment-full size-full wp-post-image\" alt=\"\" srcset=\"https:\/\/www.bergamositoweb.it\/sito-test\/wp-content\/uploads\/2026\/07\/448.jpg 838w, https:\/\/www.bergamositoweb.it\/sito-test\/wp-content\/uploads\/2026\/07\/448-300x169.jpg 300w, https:\/\/www.bergamositoweb.it\/sito-test\/wp-content\/uploads\/2026\/07\/448-600x337.jpg 600w\" sizes=\"auto, (max-width: 838px) 100vw, 838px\" \/><\/a><\/div><div class=\"w-separator size_medium\"><\/div><div class=\"wpb_text_column\"><div class=\"wpb_wrapper\"><ul>\n<li>06 Apr 2021<\/li>\n<\/ul>\n<p><a href=\"https:\/\/nordestautomazioni.it\/assets\/uploads\/Nordest%20Automazioni%20-%20Guida%20scelta%20porte%20sezionali%20rev1.pdf\" target=\"_blank\" rel=\"noopener\">Clicca qui e scarica la guida alla scelta delle porte per il tuo garage<\/a><\/p>\n<p>Ecco una guida per capire quale sia la porta pi\u00f9 adatta per le tue esigenze e quali solo le caratteristiche tecniche da considerare, prima di acquistare una porta automatica per il garage.<\/p>\n<\/div><\/div><div class=\"w-separator size_medium\"><\/div><div class=\"w-image us_custom_437d3c80 has_aspect_ratio align_none\"><a ref=\"magnificPopup\" href=\"https:\/\/www.bergamositoweb.it\/sito-test\/wp-content\/uploads\/2026\/07\/Porta-sezionale-per-garage-Aprico.png\" aria-label=\"Porta sezionale per garage Aprico\" class=\"w-image-h\"><img decoding=\"async\" width=\"1024\" height=\"571\" src=\"https:\/\/www.bergamositoweb.it\/sito-test\/wp-content\/uploads\/2026\/07\/Porta-sezionale-per-garage-Aprico-1024x571.png\" class=\"attachment-large size-large\" alt=\"\" loading=\"lazy\" srcset=\"https:\/\/www.bergamositoweb.it\/sito-test\/wp-content\/uploads\/2026\/07\/Porta-sezionale-per-garage-Aprico-1024x571.png 1024w, https:\/\/www.bergamositoweb.it\/sito-test\/wp-content\/uploads\/2026\/07\/Porta-sezionale-per-garage-Aprico-300x167.png 300w, https:\/\/www.bergamositoweb.it\/sito-test\/wp-content\/uploads\/2026\/07\/Porta-sezionale-per-garage-Aprico-600x335.png 600w, https:\/\/www.bergamositoweb.it\/sito-test\/wp-content\/uploads\/2026\/07\/Porta-sezionale-per-garage-Aprico.png 1778w\" sizes=\"auto, (max-width: 1024px) 100vw, 1024px\" \/><\/a><\/div><div class=\"w-separator size_medium\"><\/div><div class=\"wpb_text_column\"><div class=\"wpb_wrapper\"><p><strong>Cosa sono i portoni sezionali<\/strong><\/p>\n<p>I portoni sezionali sono realizzati con pannelli a sezioni orizzontali uniti da cerniere. Si alzano scorrendo prima verticalmente e poi orizzontalmente lungo il soffitto su apposite guide, grazie alle molle di torsione oppure di traino.<\/p>\n<\/div><\/div><div class=\"w-separator size_medium\"><\/div><div class=\"w-image us_custom_437d3c80 has_aspect_ratio align_none\"><a ref=\"magnificPopup\" href=\"https:\/\/www.bergamositoweb.it\/sito-test\/wp-content\/uploads\/2026\/07\/Nordest-automazioni-porta-da-garage-7-copia.jpg\" aria-label=\"Nordest automazioni porta da garage 7 copia\" class=\"w-image-h\"><img decoding=\"async\" width=\"600\" height=\"427\" src=\"https:\/\/www.bergamositoweb.it\/sito-test\/wp-content\/uploads\/2026\/07\/Nordest-automazioni-porta-da-garage-7-copia.jpg\" class=\"attachment-large size-large\" alt=\"\" loading=\"lazy\" srcset=\"https:\/\/www.bergamositoweb.it\/sito-test\/wp-content\/uploads\/2026\/07\/Nordest-automazioni-porta-da-garage-7-copia.jpg 600w, https:\/\/www.bergamositoweb.it\/sito-test\/wp-content\/uploads\/2026\/07\/Nordest-automazioni-porta-da-garage-7-copia-300x214.jpg 300w\" sizes=\"auto, (max-width: 600px) 100vw, 600px\" \/><\/a><\/div><div class=\"w-separator size_medium\"><\/div><div class=\"w-image us_custom_437d3c80 has_aspect_ratio align_none\"><a ref=\"magnificPopup\" href=\"https:\/\/www.bergamositoweb.it\/sito-test\/wp-content\/uploads\/2026\/07\/Porta-basculante-coibentata-Nordest-Automazioni.jpeg\" aria-label=\"Porta basculante coibentata Nordest Automazioni\" class=\"w-image-h\"><img decoding=\"async\" width=\"560\" height=\"469\" src=\"https:\/\/www.bergamositoweb.it\/sito-test\/wp-content\/uploads\/2026\/07\/Porta-basculante-coibentata-Nordest-Automazioni.jpeg\" class=\"attachment-large size-large\" alt=\"\" loading=\"lazy\" srcset=\"https:\/\/www.bergamositoweb.it\/sito-test\/wp-content\/uploads\/2026\/07\/Porta-basculante-coibentata-Nordest-Automazioni.jpeg 560w, https:\/\/www.bergamositoweb.it\/sito-test\/wp-content\/uploads\/2026\/07\/Porta-basculante-coibentata-Nordest-Automazioni-300x251.jpeg 300w\" sizes=\"auto, (max-width: 560px) 100vw, 560px\" \/><\/a><\/div><div class=\"w-separator size_medium\"><\/div><div class=\"wpb_text_column\"><div class=\"wpb_wrapper\"><p><strong>Cosa sono le porte basculanti<\/strong><\/p>\n<p>Le porte basculanti sono chiusure in cui l\u2019intero manto si alza, grazie ad un sistema di molle, oscillando verticalmente. Nell\u2019operazione il manto deborda verso l\u2019esterno. Per questo motivo non \u00e8 consigliato se il garage \u00e8 a bordo strada oppure se serve parcheggiare l\u2019auto sin a ridosso della porta del garage.<\/p>\n<\/div><\/div><div class=\"w-separator size_medium\"><\/div><div class=\"w-image us_custom_437d3c80 has_aspect_ratio align_none\"><a ref=\"magnificPopup\" href=\"https:\/\/www.bergamositoweb.it\/sito-test\/wp-content\/uploads\/2026\/07\/Schermata-2021-04-08-alle-08.38.17.png\" aria-label=\"Schermata 2021-04-08 alle 08.38.17\" class=\"w-image-h\"><img decoding=\"async\" width=\"1024\" height=\"630\" src=\"https:\/\/www.bergamositoweb.it\/sito-test\/wp-content\/uploads\/2026\/07\/Schermata-2021-04-08-alle-08.38.17-1024x630.png\" class=\"attachment-large size-large\" alt=\"\" loading=\"lazy\" srcset=\"https:\/\/www.bergamositoweb.it\/sito-test\/wp-content\/uploads\/2026\/07\/Schermata-2021-04-08-alle-08.38.17-1024x630.png 1024w, https:\/\/www.bergamositoweb.it\/sito-test\/wp-content\/uploads\/2026\/07\/Schermata-2021-04-08-alle-08.38.17-300x185.png 300w, https:\/\/www.bergamositoweb.it\/sito-test\/wp-content\/uploads\/2026\/07\/Schermata-2021-04-08-alle-08.38.17-600x369.png 600w, https:\/\/www.bergamositoweb.it\/sito-test\/wp-content\/uploads\/2026\/07\/Schermata-2021-04-08-alle-08.38.17.png 1606w\" sizes=\"auto, (max-width: 1024px) 100vw, 1024px\" \/><\/a><\/div><div class=\"w-separator size_medium\"><\/div><div class=\"wpb_text_column\"><div class=\"wpb_wrapper\"><p>Con il portone sezionale, invece, questo \u00e8 possibile perch\u00e9 il manto si alza verticalmente senza debordare dal suo profilo.<\/p>\n<\/div><\/div><div class=\"w-separator size_medium\"><\/div><div class=\"w-image us_custom_4481559d align_none\"><a ref=\"magnificPopup\" href=\"https:\/\/www.bergamositoweb.it\/sito-test\/wp-content\/uploads\/2026\/07\/Nordest-Automazioni-Rappresentazione-sezionale.jpg\" aria-label=\"Nordest Automazioni Rappresentazione sezionale\" class=\"w-image-h\"><img decoding=\"async\" width=\"391\" height=\"141\" src=\"https:\/\/www.bergamositoweb.it\/sito-test\/wp-content\/uploads\/2026\/07\/Nordest-Automazioni-Rappresentazione-sezionale.jpg\" class=\"attachment-full size-full\" alt=\"\" loading=\"lazy\" srcset=\"https:\/\/www.bergamositoweb.it\/sito-test\/wp-content\/uploads\/2026\/07\/Nordest-Automazioni-Rappresentazione-sezionale.jpg 391w, https:\/\/www.bergamositoweb.it\/sito-test\/wp-content\/uploads\/2026\/07\/Nordest-Automazioni-Rappresentazione-sezionale-300x108.jpg 300w\" sizes=\"auto, (max-width: 391px) 100vw, 391px\" \/><\/a><\/div><div class=\"w-separator size_medium\"><\/div><div class=\"wpb_text_column\"><div class=\"wpb_wrapper\"><p><strong>Quali sono i valori e gli aspetti da considerare per un portone sezionale oppure una porta basculante?<\/strong><\/p>\n<p>I pannelli che compongono il manto sono l\u2019elemento con il maggior impatto sia tecnico sia visivo.<\/p>\n<p>Ecco gli elementi importanti da considerare.<\/p>\n<p><strong>Isolamento termico ed acustico \u2013 Spessore e trasmittanza termica.<\/strong><\/p>\n<p>Le tradizionali porte basculanti in lamierino non offrono alcuna coibentazione.<\/p>\n<p>I pannelli delle porte sezionali garantiscono invece un isolamento termico ed acustico.<\/p>\n<p>Questo \u00e8 possibile perch\u00e9 i pannelli sono realizzati con una doppia lamina in acciaio riempita con schiuma isolante.<\/p>\n<p>Attenzione per\u00f2 anche allo spessore dei pannelli e ad altri dettagli che possono incidere sulla capacit\u00e0 ed il valore della coibentazione.<\/p>\n<p>I portoni sezionali Aprico modello Europa, ad esempio, sono composti da una lamiera sandwich in acciaio zincato, contenente schiuma di poliuretano ad altissima densit\u00e0, hanno lo spessore di ben 40 mm. ed una trasmittanza termica che arriva sino a 0,52 W\/m2K.<\/p>\n<\/div><\/div><div class=\"w-separator size_medium\"><\/div><div class=\"w-image us_custom_437d3c80 has_aspect_ratio align_none\"><a ref=\"magnificPopup\" href=\"https:\/\/www.bergamositoweb.it\/sito-test\/wp-content\/uploads\/2026\/07\/Porte-sezionali-Aprico-da-Nordest-Automazioni2-scaled.jpg\" aria-label=\"Porte sezionali Aprico da Nordest Automazioni2\" class=\"w-image-h\"><img decoding=\"async\" width=\"1024\" height=\"913\" src=\"https:\/\/www.bergamositoweb.it\/sito-test\/wp-content\/uploads\/2026\/07\/Porte-sezionali-Aprico-da-Nordest-Automazioni2-1024x913.jpg\" class=\"attachment-large size-large\" alt=\"\" loading=\"lazy\" srcset=\"https:\/\/www.bergamositoweb.it\/sito-test\/wp-content\/uploads\/2026\/07\/Porte-sezionali-Aprico-da-Nordest-Automazioni2-1024x913.jpg 1024w, https:\/\/www.bergamositoweb.it\/sito-test\/wp-content\/uploads\/2026\/07\/Porte-sezionali-Aprico-da-Nordest-Automazioni2-300x267.jpg 300w, https:\/\/www.bergamositoweb.it\/sito-test\/wp-content\/uploads\/2026\/07\/Porte-sezionali-Aprico-da-Nordest-Automazioni2-600x535.jpg 600w\" sizes=\"auto, (max-width: 1024px) 100vw, 1024px\" \/><\/a><\/div><div class=\"w-separator size_medium\"><\/div><div class=\"wpb_text_column\"><div class=\"wpb_wrapper\"><p>Lo spessore dei pannelli di 40 mm e le guarnizioni perimetrali garantiscono una elevata resistenza al vento, alle infiltrazioni di acqua ed aria ed il mantenimento dei valori di coibentazione per molti anni.<\/p>\n<\/div><\/div><div class=\"w-separator size_medium\"><\/div><div class=\"w-image align_none\"><a ref=\"magnificPopup\" href=\"https:\/\/www.bergamositoweb.it\/sito-test\/wp-content\/uploads\/2026\/07\/Porte-sezionali-coibentate-Aprico.png\" aria-label=\"Porte sezionali coibentate Aprico\" class=\"w-image-h\"><img decoding=\"async\" width=\"927\" height=\"220\" src=\"https:\/\/www.bergamositoweb.it\/sito-test\/wp-content\/uploads\/2026\/07\/Porte-sezionali-coibentate-Aprico.png\" class=\"attachment-full size-full\" alt=\"\" loading=\"lazy\" srcset=\"https:\/\/www.bergamositoweb.it\/sito-test\/wp-content\/uploads\/2026\/07\/Porte-sezionali-coibentate-Aprico.png 927w, https:\/\/www.bergamositoweb.it\/sito-test\/wp-content\/uploads\/2026\/07\/Porte-sezionali-coibentate-Aprico-300x71.png 300w, https:\/\/www.bergamositoweb.it\/sito-test\/wp-content\/uploads\/2026\/07\/Porte-sezionali-coibentate-Aprico-600x142.png 600w\" sizes=\"auto, (max-width: 927px) 100vw, 927px\" \/><\/a><\/div><div class=\"w-separator size_medium\"><\/div><div class=\"wpb_text_column\"><div class=\"wpb_wrapper\"><p>Anche le porte basculanti Aprico sono disponibili coibentate perch\u00e9 il manto \u00e8 costruito con gli stessi pannelli delle porte sezionali.<\/p>\n<p><strong>Colorazioni<\/strong><\/p>\n<p>Spesso esistono limitazioni nelle colorazioni possibili oppure quando vengono presentate offerte apparentemente convenienti che nascondo per\u00f2 limiti nei colori disponibili. <strong>Avere la disponibilit\u00e0 di tante colorazioni RAL significa avere la libert\u00e0 di scegliere quello che pi\u00f9 ti piace.<\/strong><br \/>\nLe porte sezionali Aprico sono disponibili con qualsiasi colore simil RAL.<\/p>\n<p>In questo modo non c\u2019\u00e8 alcuna limitazione alla tua fantasia o alle esigenze del tuo architetto.<\/p>\n<\/div><\/div><div class=\"w-separator size_medium\"><\/div><div class=\"w-image us_custom_437d3c80 has_aspect_ratio align_none\"><a ref=\"magnificPopup\" href=\"https:\/\/www.bergamositoweb.it\/sito-test\/wp-content\/uploads\/2026\/07\/sezionale-ditec-2-copia.jpg\" aria-label=\"sezionale-ditec-2 copia\" class=\"w-image-h\"><img decoding=\"async\" width=\"490\" height=\"340\" src=\"https:\/\/www.bergamositoweb.it\/sito-test\/wp-content\/uploads\/2026\/07\/sezionale-ditec-2-copia.jpg\" class=\"attachment-large size-large\" alt=\"\" loading=\"lazy\" srcset=\"https:\/\/www.bergamositoweb.it\/sito-test\/wp-content\/uploads\/2026\/07\/sezionale-ditec-2-copia.jpg 490w, https:\/\/www.bergamositoweb.it\/sito-test\/wp-content\/uploads\/2026\/07\/sezionale-ditec-2-copia-300x208.jpg 300w\" sizes=\"auto, (max-width: 490px) 100vw, 490px\" \/><\/a><\/div><div class=\"w-separator size_medium\"><\/div><div class=\"wpb_text_column\"><div class=\"wpb_wrapper\"><p>Inoltre, sono state sviluppate nuove eleganti <strong>colorazioni di tendenza:<\/strong> effetto acciaio, antracite, simil ruggine e gessato grigio.<br \/>\nSono le nuove tinte chieste espressamente dai migliori architetti per realizzare opere di massimo pregio.<\/p>\n<\/div><\/div><div class=\"w-separator size_medium\"><\/div><div class=\"w-image us_custom_437d3c80 has_aspect_ratio align_none\"><a ref=\"magnificPopup\" href=\"https:\/\/www.bergamositoweb.it\/sito-test\/wp-content\/uploads\/2026\/07\/Nordest-Automazioni-porte-sezionali-da-garage-Aprico-Europa-Slik-Plus-color-ruggine.jpg\" aria-label=\"Nordest Automazioni porte sezionali da garage Aprico Europa Slik Plus color ruggine\" class=\"w-image-h\"><img decoding=\"async\" width=\"558\" height=\"538\" src=\"https:\/\/www.bergamositoweb.it\/sito-test\/wp-content\/uploads\/2026\/07\/Nordest-Automazioni-porte-sezionali-da-garage-Aprico-Europa-Slik-Plus-color-ruggine.jpg\" class=\"attachment-large size-large\" alt=\"\" loading=\"lazy\" srcset=\"https:\/\/www.bergamositoweb.it\/sito-test\/wp-content\/uploads\/2026\/07\/Nordest-Automazioni-porte-sezionali-da-garage-Aprico-Europa-Slik-Plus-color-ruggine.jpg 558w, https:\/\/www.bergamositoweb.it\/sito-test\/wp-content\/uploads\/2026\/07\/Nordest-Automazioni-porte-sezionali-da-garage-Aprico-Europa-Slik-Plus-color-ruggine-300x289.jpg 300w\" sizes=\"auto, (max-width: 558px) 100vw, 558px\" \/><\/a><\/div><div class=\"w-separator size_medium\"><\/div><div class=\"wpb_text_column\"><div class=\"wpb_wrapper\"><p><strong>Finiture, finestre, obl\u00f2 ed accessori del manto<\/strong><\/p>\n<p>Un altro aspetto da verificare \u00e8 a possibilit\u00e0 di poter scegliere tra diverse finiture ed accessori come finestre, obl\u00f2, decorazioni, griglie di aerazione, porte pedonali con soglia ribassata anti inciampo inserite nel manto.<\/p>\n<\/div><\/div><div class=\"w-separator size_medium\"><\/div><div class=\"w-image us_custom_437d3c80 has_aspect_ratio align_none\"><a ref=\"magnificPopup\" href=\"https:\/\/www.bergamositoweb.it\/sito-test\/wp-content\/uploads\/2026\/07\/Nordest-Automazioni-personalizzazioni-del-manto-porte-sezionali-Aprico-Europa.jpg\" aria-label=\"Nordest Automazioni personalizzazioni del manto porte sezionali Aprico Europa\" class=\"w-image-h\"><img decoding=\"async\" width=\"572\" height=\"494\" src=\"https:\/\/www.bergamositoweb.it\/sito-test\/wp-content\/uploads\/2026\/07\/Nordest-Automazioni-personalizzazioni-del-manto-porte-sezionali-Aprico-Europa.jpg\" class=\"attachment-large size-large\" alt=\"\" loading=\"lazy\" srcset=\"https:\/\/www.bergamositoweb.it\/sito-test\/wp-content\/uploads\/2026\/07\/Nordest-Automazioni-personalizzazioni-del-manto-porte-sezionali-Aprico-Europa.jpg 572w, https:\/\/www.bergamositoweb.it\/sito-test\/wp-content\/uploads\/2026\/07\/Nordest-Automazioni-personalizzazioni-del-manto-porte-sezionali-Aprico-Europa-300x259.jpg 300w\" sizes=\"auto, (max-width: 572px) 100vw, 572px\" \/><\/a><\/div><div class=\"w-separator size_medium\"><\/div><div class=\"w-image us_custom_437d3c80 has_aspect_ratio align_none\"><a ref=\"magnificPopup\" href=\"https:\/\/www.bergamositoweb.it\/sito-test\/wp-content\/uploads\/2026\/07\/Nordest-Automazioni-porte-con-soglia-ribassata-porte-sezionali-garage-Aprico-Europa.jpg\" aria-label=\"Nordest Automazioni porte con soglia ribassata porte sezionali garage Aprico Europa\" class=\"w-image-h\"><img decoding=\"async\" width=\"644\" height=\"402\" src=\"https:\/\/www.bergamositoweb.it\/sito-test\/wp-content\/uploads\/2026\/07\/Nordest-Automazioni-porte-con-soglia-ribassata-porte-sezionali-garage-Aprico-Europa.jpg\" class=\"attachment-large size-large\" alt=\"\" loading=\"lazy\" srcset=\"https:\/\/www.bergamositoweb.it\/sito-test\/wp-content\/uploads\/2026\/07\/Nordest-Automazioni-porte-con-soglia-ribassata-porte-sezionali-garage-Aprico-Europa.jpg 644w, https:\/\/www.bergamositoweb.it\/sito-test\/wp-content\/uploads\/2026\/07\/Nordest-Automazioni-porte-con-soglia-ribassata-porte-sezionali-garage-Aprico-Europa-300x187.jpg 300w, https:\/\/www.bergamositoweb.it\/sito-test\/wp-content\/uploads\/2026\/07\/Nordest-Automazioni-porte-con-soglia-ribassata-porte-sezionali-garage-Aprico-Europa-600x375.jpg 600w\" sizes=\"auto, (max-width: 644px) 100vw, 644px\" \/><\/a><\/div><div class=\"w-separator size_medium\"><\/div><div class=\"wpb_text_column\"><div class=\"wpb_wrapper\"><p>I manti delle porte sezionali Aprico Europa hanno diverse finiture con centinaia di particolari decorativi, classici e di tendenza, che incontrano qualsiasi esigenza architettonica o gusto personale.<\/p>\n<p>Si integrano con finestrature ed obl\u00f2 di varie misure e tipo, anche con finiture in acciaio spazzolato, porte interne ed esterne al manto con le medesime finiture dei pannelli.<\/p>\n<p>Con Aprico \u00e8 anche possibile riprodurre sul manto delle personalizzazioni e dei disegni speciali anche realizzati dal cliente stesso.<\/p>\n<p><strong>Porte sezionali in legno. Rivestimento in vero legno o colorazione effetto legno?<\/strong><\/p>\n<p>Hai una casa country, con un bel giardino oppure in montagna? Puoi renderla unica con la calda bellezza del legno.<\/p>\n<p>I manti delle porte sezionali trasmettono l\u2019effetto legno applicando speciali pellicole colorate.<\/p>\n<p>Con le porte sezionali Aprico puoi invece avere anche i manti rivestiti con vero legno trattato Okum\u00e8, con uno spessore di ben 12 o addirittura 18 mm.<\/p>\n<p>Sono disponibili diversi disegni standard ma puoi anche disegnare tu l\u2019inserto che preferisci.<\/p>\n<p>Tu lo disegni ed Aprico te lo realizza.<\/p>\n<\/div><\/div><div class=\"w-separator size_medium\"><\/div><div class=\"w-image us_custom_437d3c80 has_aspect_ratio align_none\"><a ref=\"magnificPopup\" href=\"https:\/\/www.bergamositoweb.it\/sito-test\/wp-content\/uploads\/2026\/07\/Nordest-Automazioni-porte-sezionali-da-garage-Aprico-Europa-in-legno-Okoume.jpg\" aria-label=\"Nordest Automazioni porte sezionali da garage Aprico Europa in legno Okoume\" class=\"w-image-h\"><img decoding=\"async\" width=\"488\" height=\"541\" src=\"https:\/\/www.bergamositoweb.it\/sito-test\/wp-content\/uploads\/2026\/07\/Nordest-Automazioni-porte-sezionali-da-garage-Aprico-Europa-in-legno-Okoume.jpg\" class=\"attachment-large size-large\" alt=\"\" loading=\"lazy\" srcset=\"https:\/\/www.bergamositoweb.it\/sito-test\/wp-content\/uploads\/2026\/07\/Nordest-Automazioni-porte-sezionali-da-garage-Aprico-Europa-in-legno-Okoume.jpg 488w, https:\/\/www.bergamositoweb.it\/sito-test\/wp-content\/uploads\/2026\/07\/Nordest-Automazioni-porte-sezionali-da-garage-Aprico-Europa-in-legno-Okoume-271x300.jpg 271w\" sizes=\"auto, (max-width: 488px) 100vw, 488px\" \/><\/a><\/div><div class=\"w-separator size_medium\"><\/div><div class=\"wpb_text_column\"><div class=\"wpb_wrapper\"><p><strong>Adattabilit\u00e0 ad ogni contesto architettonico. Guide e motore: sono a vista oppure nascosti?<\/strong><\/p>\n<p>L\u2019installazione di un portone sezionale pu\u00f2 essere ostacolata da tubazioni, pareti con pilastri o elementi a soffitto. Gli elementi critici sono:<\/p>\n<ul>\n<li>le guide di scorrimento,<\/li>\n<li>il gruppo molle,<\/li>\n<li>il motore.<\/li>\n<\/ul>\n<p>I portoni Aprico dispongono di diverse tipologie di guide e scorrimenti che rendono possibili le installazioni senza particolari opere murarie. Anche le molle ed il motore possono essere posizionati in diversi modi superando in questo modo tutte le problematiche.<\/p>\n<\/div><\/div><div class=\"w-separator size_medium\"><\/div><div class=\"w-image us_custom_437d3c80 has_aspect_ratio align_none\"><a ref=\"magnificPopup\" href=\"https:\/\/www.bergamositoweb.it\/sito-test\/wp-content\/uploads\/2026\/07\/Porta-basculante-coibentata-Aprico-da-Nordest-Automazioni-scaled.jpg\" aria-label=\"Porta basculante coibentata Aprico da Nordest Automazioni\" class=\"w-image-h\"><img decoding=\"async\" width=\"1024\" height=\"925\" src=\"https:\/\/www.bergamositoweb.it\/sito-test\/wp-content\/uploads\/2026\/07\/Porta-basculante-coibentata-Aprico-da-Nordest-Automazioni-1024x925.jpg\" class=\"attachment-large size-large\" alt=\"\" loading=\"lazy\" srcset=\"https:\/\/www.bergamositoweb.it\/sito-test\/wp-content\/uploads\/2026\/07\/Porta-basculante-coibentata-Aprico-da-Nordest-Automazioni-1024x925.jpg 1024w, https:\/\/www.bergamositoweb.it\/sito-test\/wp-content\/uploads\/2026\/07\/Porta-basculante-coibentata-Aprico-da-Nordest-Automazioni-300x271.jpg 300w, https:\/\/www.bergamositoweb.it\/sito-test\/wp-content\/uploads\/2026\/07\/Porta-basculante-coibentata-Aprico-da-Nordest-Automazioni-600x542.jpg 600w\" sizes=\"auto, (max-width: 1024px) 100vw, 1024px\" \/><\/a><\/div><div class=\"w-separator size_medium\"><\/div><div class=\"wpb_text_column\"><div class=\"wpb_wrapper\"><p>I portoni sezionali Aprico possono avere la meccanica con le <strong>molle nascoste a trazione<\/strong><\/p>\n<p>Con questa soluzione, le molle di funzionamento sono nascoste alla vista e poste nelle speciali guide:<\/p>\n<ul>\n<li>sopra<\/li>\n<li>sotto esterno<\/li>\n<li>sotto interno<\/li>\n<li>MIX diverse opzioni<\/li>\n<\/ul>\n<\/div><\/div><div class=\"w-separator size_medium\"><\/div><div class=\"w-image align_none\"><a ref=\"magnificPopup\" href=\"https:\/\/www.bergamositoweb.it\/sito-test\/wp-content\/uploads\/2026\/07\/Nordest-Automazione-porte-sezionali-per-garage-Aprico-Europa-con-molle-a-trazione-e-niente-in-vista.jpg\" aria-label=\"Nordest Automazione porte sezionali per garage Aprico Europa con molle a trazione e niente in vista\" class=\"w-image-h\"><img decoding=\"async\" width=\"647\" height=\"489\" src=\"https:\/\/www.bergamositoweb.it\/sito-test\/wp-content\/uploads\/2026\/07\/Nordest-Automazione-porte-sezionali-per-garage-Aprico-Europa-con-molle-a-trazione-e-niente-in-vista.jpg\" class=\"attachment-full size-full\" alt=\"\" loading=\"lazy\" srcset=\"https:\/\/www.bergamositoweb.it\/sito-test\/wp-content\/uploads\/2026\/07\/Nordest-Automazione-porte-sezionali-per-garage-Aprico-Europa-con-molle-a-trazione-e-niente-in-vista.jpg 647w, https:\/\/www.bergamositoweb.it\/sito-test\/wp-content\/uploads\/2026\/07\/Nordest-Automazione-porte-sezionali-per-garage-Aprico-Europa-con-molle-a-trazione-e-niente-in-vista-300x227.jpg 300w, https:\/\/www.bergamositoweb.it\/sito-test\/wp-content\/uploads\/2026\/07\/Nordest-Automazione-porte-sezionali-per-garage-Aprico-Europa-con-molle-a-trazione-e-niente-in-vista-600x453.jpg 600w\" sizes=\"auto, (max-width: 647px) 100vw, 647px\" \/><\/a><\/div><div class=\"w-separator size_medium\"><\/div><div class=\"wpb_text_column\"><div class=\"wpb_wrapper\"><p>Nel caso della meccanica con le tradizionali <strong>molle a vista a torsione<\/strong> \u00e8 possibile avere le porte sezionali anche di grandi dimensioni e pesi con diverse soluzioni:<\/p>\n<ul>\n<li>con le molle sopra la porta<\/li>\n<li>con le molle nella parte finale delle guide per ridurre lo spazio di ingombro superiore a soli 12 cm con la versione manuale e 15 cm con la versione motorizzata.<\/li>\n<\/ul>\n<p>Con Aprico \u00e8 possibile avere sia il portone sezionale sia la porta basculante con i meccanismi di funzionamento nascosti alla vista, grazie a speciali gusci protettivi (sempre previa verifica della fattibilit\u00e0 tecnica).<\/p>\n<p>Un bel vantaggio per gli edifici di pregio architettonico perch\u00e9 rende ancora pi\u00f9 elegante l\u2019interno del garage.<\/p>\n<p><strong>Il tuo garage si trova su una strada in salita? Ovvero: quanto \u00e8 possibile risolvere le problematiche?<\/strong><\/p>\n<\/div><\/div><div class=\"w-separator size_medium\"><\/div><div class=\"w-image us_custom_437d3c80 has_aspect_ratio align_none\"><a ref=\"magnificPopup\" href=\"https:\/\/www.bergamositoweb.it\/sito-test\/wp-content\/uploads\/2026\/07\/Schermata-2021-04-08-alle-08.32.46.png\" aria-label=\"Schermata 2021-04-08 alle 08.32.46\" class=\"w-image-h\"><img decoding=\"async\" width=\"1024\" height=\"587\" src=\"https:\/\/www.bergamositoweb.it\/sito-test\/wp-content\/uploads\/2026\/07\/Schermata-2021-04-08-alle-08.32.46-1024x587.png\" class=\"attachment-large size-large\" alt=\"\" loading=\"lazy\" srcset=\"https:\/\/www.bergamositoweb.it\/sito-test\/wp-content\/uploads\/2026\/07\/Schermata-2021-04-08-alle-08.32.46-1024x587.png 1024w, https:\/\/www.bergamositoweb.it\/sito-test\/wp-content\/uploads\/2026\/07\/Schermata-2021-04-08-alle-08.32.46-300x172.png 300w, https:\/\/www.bergamositoweb.it\/sito-test\/wp-content\/uploads\/2026\/07\/Schermata-2021-04-08-alle-08.32.46-600x344.png 600w, https:\/\/www.bergamositoweb.it\/sito-test\/wp-content\/uploads\/2026\/07\/Schermata-2021-04-08-alle-08.32.46.png 1798w\" sizes=\"auto, (max-width: 1024px) 100vw, 1024px\" \/><\/a><\/div><div class=\"w-separator size_medium\"><\/div><div class=\"wpb_text_column\"><div class=\"wpb_wrapper\"><p>Questo \u00e8 un problema difficile da risolvere che spesso mette in discussione l\u2019intera fornitura.<\/p>\n<p>Nessun problema invece per Aprico, perch\u00e9 puoi avere una porta sezionale perfetta, grazie all\u2019ultimo pannello tagliato con la stessa inclinazione della strada. Un effetto spettacolare!<\/p>\n<\/div><\/div><div class=\"w-separator size_medium\"><\/div><div class=\"w-image us_custom_437d3c80 has_aspect_ratio align_none\"><a ref=\"magnificPopup\" href=\"https:\/\/www.bergamositoweb.it\/sito-test\/wp-content\/uploads\/2026\/07\/Nordest-Automazioni-portone-sezionale-industriale-Aprico.jpg\" aria-label=\"Nordest Automazioni portone sezionale industriale Aprico\" class=\"w-image-h\"><img decoding=\"async\" width=\"647\" height=\"484\" src=\"https:\/\/www.bergamositoweb.it\/sito-test\/wp-content\/uploads\/2026\/07\/Nordest-Automazioni-portone-sezionale-industriale-Aprico.jpg\" class=\"attachment-large size-large\" alt=\"\" loading=\"lazy\" srcset=\"https:\/\/www.bergamositoweb.it\/sito-test\/wp-content\/uploads\/2026\/07\/Nordest-Automazioni-portone-sezionale-industriale-Aprico.jpg 647w, https:\/\/www.bergamositoweb.it\/sito-test\/wp-content\/uploads\/2026\/07\/Nordest-Automazioni-portone-sezionale-industriale-Aprico-300x224.jpg 300w, https:\/\/www.bergamositoweb.it\/sito-test\/wp-content\/uploads\/2026\/07\/Nordest-Automazioni-portone-sezionale-industriale-Aprico-600x449.jpg 600w\" sizes=\"auto, (max-width: 647px) 100vw, 647px\" \/><\/a><\/div><div class=\"w-separator size_medium\"><\/div><div class=\"wpb_text_column\"><div class=\"wpb_wrapper\"><p><strong>Sicurezza contro gli infortuni.<\/strong><\/p>\n<p>I portoni sezionali e le porte basculanti di qualit\u00e0 devono essere dotati con una serie di accessori di comando, controllo e sicurezza.<\/p>\n<p>In particolare i sistemi di sicurezza:<\/p>\n<ul>\n<li>per i cavi di sollevamento (paracadute cavi)<\/li>\n<li>per le molle di bilanciamento o trazione (paracadute molle)<\/li>\n<li>protezioni antipizzicamento delle dita<\/li>\n<li>coste di sicurezza e fotocellule di sicurezza che arrestano ed invertono il moto in caso di urti con persone, veicoli o cose<\/li>\n<li>porte integrate con soglia ribassata anti inciampo<\/li>\n<\/ul>\n<p><strong>Sicurezza anti intrusione<\/strong><\/p>\n<p>Un occhio alla sicurezza non guasta. Un portone sezionale o basculante deve essere dotato di sistemi attivi o passivi in grado di impedire o rendere pi\u00f9 complicato l\u2019accesso ai malintenzionati.<\/p>\n<p>L\u2019automazione che movimenta il portone, applicata dai professionisti installatori Aprico, applica una forza di resistenza per impedire il sollevamento del portone.<\/p>\n<p>Possono per\u00f2 essere applicate anche altre sicurezze come serrature e chiavistelli.<\/p>\n<p><strong>Confidiamo di averti dato le prime informazioni utili per affrontare con pi\u00f9 consapevolezza il tuo progetto abitativo. Potrai trovare informazioni pi\u00f9 approfondite sui prodotti e sulle nostre esperienze sul nostro sito web. Siamo comunque a tua disposizione, senza impegno, per un consiglio professionale.<\/strong><\/p>\n<\/div><\/div><div class=\"w-separator size_medium\"><\/div><div class=\"w-image us_custom_437d3c80 has_aspect_ratio align_none\"><a ref=\"magnificPopup\" href=\"https:\/\/www.bergamositoweb.it\/sito-test\/wp-content\/uploads\/2026\/07\/Nordest-Automazioni-Porta-Sezionale-Aprico-Este.jpg\" aria-label=\"Nordest Automazioni Porta Sezionale Aprico Este\" class=\"w-image-h\"><img decoding=\"async\" width=\"1024\" height=\"576\" src=\"https:\/\/www.bergamositoweb.it\/sito-test\/wp-content\/uploads\/2026\/07\/Nordest-Automazioni-Porta-Sezionale-Aprico-Este-1024x576.jpg\" class=\"attachment-large size-large\" alt=\"\" loading=\"lazy\" srcset=\"https:\/\/www.bergamositoweb.it\/sito-test\/wp-content\/uploads\/2026\/07\/Nordest-Automazioni-Porta-Sezionale-Aprico-Este-1024x576.jpg 1024w, https:\/\/www.bergamositoweb.it\/sito-test\/wp-content\/uploads\/2026\/07\/Nordest-Automazioni-Porta-Sezionale-Aprico-Este-300x169.jpg 300w, https:\/\/www.bergamositoweb.it\/sito-test\/wp-content\/uploads\/2026\/07\/Nordest-Automazioni-Porta-Sezionale-Aprico-Este-600x337.jpg 600w, https:\/\/www.bergamositoweb.it\/sito-test\/wp-content\/uploads\/2026\/07\/Nordest-Automazioni-Porta-Sezionale-Aprico-Este.jpg 1599w\" sizes=\"auto, (max-width: 1024px) 100vw, 1024px\" \/><\/a><\/div><div class=\"w-separator size_medium\"><\/div><div class=\"w-btn-wrapper align_none\"><a class=\"w-btn us-btn-style_1 btn-menu-pdf\" target=\"_blank\" href=\"https:\/\/www.bergamositoweb.it\/sito-test\/wp-content\/uploads\/2026\/07\/Nordest-Automazioni-Guida-scelta-porte-sezionali.pdf\"><span class=\"w-btn-label\">Scarica la guida<\/span><\/a><\/div><div class=\"w-separator size_huge\"><\/div><\/div><\/div><\/div><\/div><\/section><section class=\"l-section wpb_row height_auto width_full\"><div class=\"l-section-h i-cf\"><div class=\"g-cols vc_row via_grid cols_1 laptops-cols_inherit tablets-cols_inherit mobiles-cols_1 valign_top type_default stacking_default\"><div class=\"wpb_column vc_column_container\"><div class=\"vc_column-inner\"><section class=\"l-section wpb_row us_custom_4a593b65 us_animate_this height_medium color_alternate\"><div class=\"l-section-h i-cf\"><div class=\"g-cols vc_row via_grid cols_1 laptops-cols_inherit tablets-cols_inherit mobiles-cols_1 valign_top type_default stacking_default\"><div class=\"wpb_column vc_column_container\"><div class=\"vc_column-inner\"><h2 class=\"w-text us_custom_eb849559 hide_on_mobiles\"><span class=\"w-text-h\"><span class=\"w-text-value\">Contattaci per maggiori informazioni<\/span><\/span><\/h2><div class=\"w-separator size_custom\" style=\"height:30px\"><\/div><div class=\"w-text us_custom_15777508\"><span class=\"w-text-h\"><span class=\"w-text-value\">Hai bisogno di assistenza tecnica?<\/span><\/span><\/div><div class=\"w-separator size_custom with_line width_50 thick_2 style_double color_border align_center\" style=\"height:30px\"><div class=\"w-separator-h\"><\/div><\/div><div class=\"wpb_text_column\"><div class=\"wpb_wrapper\"><p style=\"text-align: center;\">Qualunque sia la tua esigenza, noi di Nordest Atuomazioni siamo qui per aiutarti.<\/p>\n<\/div><\/div><div class=\"w-separator size_small\"><\/div><div class=\"w-btn-wrapper align_center\"><a class=\"w-btn us-btn-style_1 btn-menu-pdf\" href=\"https:\/\/www.bergamositoweb.it\/sito-test\/contatti\/\"><span class=\"w-btn-label\">Contattaci ora<\/span><\/a><\/div><\/div><\/div><\/div><\/div><\/section>\n<\/div><\/div><\/div><\/div><\/section>\n","protected":false},"excerpt":{"rendered":"<p>Una guida per capire quale sia la porta pi\u00f9 adatta per le tue esigenze e quali solo le caratteristiche tecniche da considerare<\/p>\n","protected":false},"author":2,"featured_media":2806,"comment_status":"closed","ping_status":"closed","sticky":false,"template":"","format":"standard","meta":{"_acf_changed":false,"footnotes":""},"categories":[6],"tags":[],"class_list":["post-2805","post","type-post","status-publish","format-standard","has-post-thumbnail","hentry","category-porte-per-garage"],"acf":[],"yoast_head":"<!-- This site is optimized with the Yoast SEO plugin v27.8 - https:\/\/yoast.com\/product\/yoast-seo-wordpress\/ -->\n<title>La guida alla scelta dei portoni automatici per garage - Demo<\/title>\n<meta name=\"robots\" content=\"noindex, follow, max-snippet:-1, max-image-preview:large, max-video-preview:-1\" \/>\n<meta property=\"og:locale\" content=\"it_IT\" \/>\n<meta property=\"og:type\" content=\"article\" \/>\n<meta property=\"og:title\" content=\"La guida alla scelta dei portoni automatici per garage - Demo\" \/>\n<meta property=\"og:description\" content=\"Una guida per capire quale sia la porta pi\u00f9 adatta per le tue esigenze e quali solo le caratteristiche tecniche da considerare\" \/>\n<meta property=\"og:url\" content=\"https:\/\/www.bergamositoweb.it\/sito-test\/la-guida-alla-scelta-dei-portoni-automatici-per-garage\/\" \/>\n<meta property=\"og:site_name\" content=\"Demo\" \/>\n<meta property=\"article:published_time\" content=\"2026-07-01T19:41:41+00:00\" \/>\n<meta property=\"article:modified_time\" content=\"2026-07-01T19:57:12+00:00\" \/>\n<meta property=\"og:image\" content=\"https:\/\/www.bergamositoweb.it\/sito-test\/wp-content\/uploads\/2026\/07\/Guida-alla-scelta-delle-porte-per-garage-da-Nordest-Automazioni.png\" \/>\n\t<meta property=\"og:image:width\" content=\"798\" \/>\n\t<meta property=\"og:image:height\" content=\"1010\" \/>\n\t<meta property=\"og:image:type\" content=\"image\/png\" \/>\n<meta name=\"author\" content=\"admin\" \/>\n<meta name=\"twitter:card\" content=\"summary_large_image\" \/>\n<meta name=\"twitter:label1\" content=\"Scritto da\" \/>\n\t<meta name=\"twitter:data1\" content=\"admin\" \/>\n\t<meta name=\"twitter:label2\" content=\"Tempo di lettura stimato\" \/>\n\t<meta name=\"twitter:data2\" content=\"7 minuti\" \/>\n<script type=\"application\/ld+json\" class=\"yoast-schema-graph\">{\"@context\":\"https:\\\/\\\/schema.org\",\"@graph\":[{\"@type\":\"Article\",\"@id\":\"https:\\\/\\\/www.bergamositoweb.it\\\/sito-test\\\/la-guida-alla-scelta-dei-portoni-automatici-per-garage\\\/#article\",\"isPartOf\":{\"@id\":\"https:\\\/\\\/www.bergamositoweb.it\\\/sito-test\\\/la-guida-alla-scelta-dei-portoni-automatici-per-garage\\\/\"},\"author\":{\"name\":\"admin\",\"@id\":\"https:\\\/\\\/www.bergamositoweb.it\\\/sito-test\\\/#\\\/schema\\\/person\\\/4fdc66af9c64aa73b34349e4425eeb78\"},\"headline\":\"La guida alla scelta dei portoni automatici per garage\",\"datePublished\":\"2026-07-01T19:41:41+00:00\",\"dateModified\":\"2026-07-01T19:57:12+00:00\",\"mainEntityOfPage\":{\"@id\":\"https:\\\/\\\/www.bergamositoweb.it\\\/sito-test\\\/la-guida-alla-scelta-dei-portoni-automatici-per-garage\\\/\"},\"wordCount\":1795,\"image\":{\"@id\":\"https:\\\/\\\/www.bergamositoweb.it\\\/sito-test\\\/la-guida-alla-scelta-dei-portoni-automatici-per-garage\\\/#primaryimage\"},\"thumbnailUrl\":\"https:\\\/\\\/www.bergamositoweb.it\\\/sito-test\\\/wp-content\\\/uploads\\\/2026\\\/07\\\/Guida-alla-scelta-delle-porte-per-garage-da-Nordest-Automazioni.png\",\"articleSection\":[\"Porte per garage\"],\"inLanguage\":\"it-IT\"},{\"@type\":\"WebPage\",\"@id\":\"https:\\\/\\\/www.bergamositoweb.it\\\/sito-test\\\/la-guida-alla-scelta-dei-portoni-automatici-per-garage\\\/\",\"url\":\"https:\\\/\\\/www.bergamositoweb.it\\\/sito-test\\\/la-guida-alla-scelta-dei-portoni-automatici-per-garage\\\/\",\"name\":\"La guida alla scelta dei portoni automatici per garage - Demo\",\"isPartOf\":{\"@id\":\"https:\\\/\\\/www.bergamositoweb.it\\\/sito-test\\\/#website\"},\"primaryImageOfPage\":{\"@id\":\"https:\\\/\\\/www.bergamositoweb.it\\\/sito-test\\\/la-guida-alla-scelta-dei-portoni-automatici-per-garage\\\/#primaryimage\"},\"image\":{\"@id\":\"https:\\\/\\\/www.bergamositoweb.it\\\/sito-test\\\/la-guida-alla-scelta-dei-portoni-automatici-per-garage\\\/#primaryimage\"},\"thumbnailUrl\":\"https:\\\/\\\/www.bergamositoweb.it\\\/sito-test\\\/wp-content\\\/uploads\\\/2026\\\/07\\\/Guida-alla-scelta-delle-porte-per-garage-da-Nordest-Automazioni.png\",\"datePublished\":\"2026-07-01T19:41:41+00:00\",\"dateModified\":\"2026-07-01T19:57:12+00:00\",\"author\":{\"@id\":\"https:\\\/\\\/www.bergamositoweb.it\\\/sito-test\\\/#\\\/schema\\\/person\\\/4fdc66af9c64aa73b34349e4425eeb78\"},\"breadcrumb\":{\"@id\":\"https:\\\/\\\/www.bergamositoweb.it\\\/sito-test\\\/la-guida-alla-scelta-dei-portoni-automatici-per-garage\\\/#breadcrumb\"},\"inLanguage\":\"it-IT\",\"potentialAction\":[{\"@type\":\"ReadAction\",\"target\":[\"https:\\\/\\\/www.bergamositoweb.it\\\/sito-test\\\/la-guida-alla-scelta-dei-portoni-automatici-per-garage\\\/\"]}]},{\"@type\":\"ImageObject\",\"inLanguage\":\"it-IT\",\"@id\":\"https:\\\/\\\/www.bergamositoweb.it\\\/sito-test\\\/la-guida-alla-scelta-dei-portoni-automatici-per-garage\\\/#primaryimage\",\"url\":\"https:\\\/\\\/www.bergamositoweb.it\\\/sito-test\\\/wp-content\\\/uploads\\\/2026\\\/07\\\/Guida-alla-scelta-delle-porte-per-garage-da-Nordest-Automazioni.png\",\"contentUrl\":\"https:\\\/\\\/www.bergamositoweb.it\\\/sito-test\\\/wp-content\\\/uploads\\\/2026\\\/07\\\/Guida-alla-scelta-delle-porte-per-garage-da-Nordest-Automazioni.png\",\"width\":798,\"height\":1010},{\"@type\":\"BreadcrumbList\",\"@id\":\"https:\\\/\\\/www.bergamositoweb.it\\\/sito-test\\\/la-guida-alla-scelta-dei-portoni-automatici-per-garage\\\/#breadcrumb\",\"itemListElement\":[{\"@type\":\"ListItem\",\"position\":1,\"name\":\"Home\",\"item\":\"https:\\\/\\\/www.bergamositoweb.it\\\/sito-test\\\/\"},{\"@type\":\"ListItem\",\"position\":2,\"name\":\"La guida alla scelta dei portoni automatici per garage\"}]},{\"@type\":\"WebSite\",\"@id\":\"https:\\\/\\\/www.bergamositoweb.it\\\/sito-test\\\/#website\",\"url\":\"https:\\\/\\\/www.bergamositoweb.it\\\/sito-test\\\/\",\"name\":\"Demo\",\"description\":\"\",\"potentialAction\":[{\"@type\":\"SearchAction\",\"target\":{\"@type\":\"EntryPoint\",\"urlTemplate\":\"https:\\\/\\\/www.bergamositoweb.it\\\/sito-test\\\/?s={search_term_string}\"},\"query-input\":{\"@type\":\"PropertyValueSpecification\",\"valueRequired\":true,\"valueName\":\"search_term_string\"}}],\"inLanguage\":\"it-IT\"},{\"@type\":\"Person\",\"@id\":\"https:\\\/\\\/www.bergamositoweb.it\\\/sito-test\\\/#\\\/schema\\\/person\\\/4fdc66af9c64aa73b34349e4425eeb78\",\"name\":\"admin\",\"image\":{\"@type\":\"ImageObject\",\"inLanguage\":\"it-IT\",\"@id\":\"https:\\\/\\\/secure.gravatar.com\\\/avatar\\\/c35679d1bc817ac1daf9fdc2a38aed21a1251d8b51433e7153fafb4225544ebb?s=96&d=mm&r=g\",\"url\":\"https:\\\/\\\/secure.gravatar.com\\\/avatar\\\/c35679d1bc817ac1daf9fdc2a38aed21a1251d8b51433e7153fafb4225544ebb?s=96&d=mm&r=g\",\"contentUrl\":\"https:\\\/\\\/secure.gravatar.com\\\/avatar\\\/c35679d1bc817ac1daf9fdc2a38aed21a1251d8b51433e7153fafb4225544ebb?s=96&d=mm&r=g\",\"caption\":\"admin\"},\"url\":\"https:\\\/\\\/www.bergamositoweb.it\\\/sito-test\\\/author\\\/admin\\\/\"}]}<\/script>\n<!-- \/ Yoast SEO plugin. -->","yoast_head_json":{"title":"La guida alla scelta dei portoni automatici per garage - Demo","robots":{"index":"noindex","follow":"follow","max-snippet":"max-snippet:-1","max-image-preview":"max-image-preview:large","max-video-preview":"max-video-preview:-1"},"og_locale":"it_IT","og_type":"article","og_title":"La guida alla scelta dei portoni automatici per garage - Demo","og_description":"Una guida per capire quale sia la porta pi\u00f9 adatta per le tue esigenze e quali solo le caratteristiche tecniche da considerare","og_url":"https:\/\/www.bergamositoweb.it\/sito-test\/la-guida-alla-scelta-dei-portoni-automatici-per-garage\/","og_site_name":"Demo","article_published_time":"2026-07-01T19:41:41+00:00","article_modified_time":"2026-07-01T19:57:12+00:00","og_image":[{"width":798,"height":1010,"url":"https:\/\/www.bergamositoweb.it\/sito-test\/wp-content\/uploads\/2026\/07\/Guida-alla-scelta-delle-porte-per-garage-da-Nordest-Automazioni.png","type":"image\/png"}],"author":"admin","twitter_card":"summary_large_image","twitter_misc":{"Scritto da":"admin","Tempo di lettura stimato":"7 minuti"},"schema":{"@context":"https:\/\/schema.org","@graph":[{"@type":"Article","@id":"https:\/\/www.bergamositoweb.it\/sito-test\/la-guida-alla-scelta-dei-portoni-automatici-per-garage\/#article","isPartOf":{"@id":"https:\/\/www.bergamositoweb.it\/sito-test\/la-guida-alla-scelta-dei-portoni-automatici-per-garage\/"},"author":{"name":"admin","@id":"https:\/\/www.bergamositoweb.it\/sito-test\/#\/schema\/person\/4fdc66af9c64aa73b34349e4425eeb78"},"headline":"La guida alla scelta dei portoni automatici per garage","datePublished":"2026-07-01T19:41:41+00:00","dateModified":"2026-07-01T19:57:12+00:00","mainEntityOfPage":{"@id":"https:\/\/www.bergamositoweb.it\/sito-test\/la-guida-alla-scelta-dei-portoni-automatici-per-garage\/"},"wordCount":1795,"image":{"@id":"https:\/\/www.bergamositoweb.it\/sito-test\/la-guida-alla-scelta-dei-portoni-automatici-per-garage\/#primaryimage"},"thumbnailUrl":"https:\/\/www.bergamositoweb.it\/sito-test\/wp-content\/uploads\/2026\/07\/Guida-alla-scelta-delle-porte-per-garage-da-Nordest-Automazioni.png","articleSection":["Porte per garage"],"inLanguage":"it-IT"},{"@type":"WebPage","@id":"https:\/\/www.bergamositoweb.it\/sito-test\/la-guida-alla-scelta-dei-portoni-automatici-per-garage\/","url":"https:\/\/www.bergamositoweb.it\/sito-test\/la-guida-alla-scelta-dei-portoni-automatici-per-garage\/","name":"La guida alla scelta dei portoni automatici per garage - Demo","isPartOf":{"@id":"https:\/\/www.bergamositoweb.it\/sito-test\/#website"},"primaryImageOfPage":{"@id":"https:\/\/www.bergamositoweb.it\/sito-test\/la-guida-alla-scelta-dei-portoni-automatici-per-garage\/#primaryimage"},"image":{"@id":"https:\/\/www.bergamositoweb.it\/sito-test\/la-guida-alla-scelta-dei-portoni-automatici-per-garage\/#primaryimage"},"thumbnailUrl":"https:\/\/www.bergamositoweb.it\/sito-test\/wp-content\/uploads\/2026\/07\/Guida-alla-scelta-delle-porte-per-garage-da-Nordest-Automazioni.png","datePublished":"2026-07-01T19:41:41+00:00","dateModified":"2026-07-01T19:57:12+00:00","author":{"@id":"https:\/\/www.bergamositoweb.it\/sito-test\/#\/schema\/person\/4fdc66af9c64aa73b34349e4425eeb78"},"breadcrumb":{"@id":"https:\/\/www.bergamositoweb.it\/sito-test\/la-guida-alla-scelta-dei-portoni-automatici-per-garage\/#breadcrumb"},"inLanguage":"it-IT","potentialAction":[{"@type":"ReadAction","target":["https:\/\/www.bergamositoweb.it\/sito-test\/la-guida-alla-scelta-dei-portoni-automatici-per-garage\/"]}]},{"@type":"ImageObject","inLanguage":"it-IT","@id":"https:\/\/www.bergamositoweb.it\/sito-test\/la-guida-alla-scelta-dei-portoni-automatici-per-garage\/#primaryimage","url":"https:\/\/www.bergamositoweb.it\/sito-test\/wp-content\/uploads\/2026\/07\/Guida-alla-scelta-delle-porte-per-garage-da-Nordest-Automazioni.png","contentUrl":"https:\/\/www.bergamositoweb.it\/sito-test\/wp-content\/uploads\/2026\/07\/Guida-alla-scelta-delle-porte-per-garage-da-Nordest-Automazioni.png","width":798,"height":1010},{"@type":"BreadcrumbList","@id":"https:\/\/www.bergamositoweb.it\/sito-test\/la-guida-alla-scelta-dei-portoni-automatici-per-garage\/#breadcrumb","itemListElement":[{"@type":"ListItem","position":1,"name":"Home","item":"https:\/\/www.bergamositoweb.it\/sito-test\/"},{"@type":"ListItem","position":2,"name":"La guida alla scelta dei portoni automatici per garage"}]},{"@type":"WebSite","@id":"https:\/\/www.bergamositoweb.it\/sito-test\/#website","url":"https:\/\/www.bergamositoweb.it\/sito-test\/","name":"Demo","description":"","potentialAction":[{"@type":"SearchAction","target":{"@type":"EntryPoint","urlTemplate":"https:\/\/www.bergamositoweb.it\/sito-test\/?s={search_term_string}"},"query-input":{"@type":"PropertyValueSpecification","valueRequired":true,"valueName":"search_term_string"}}],"inLanguage":"it-IT"},{"@type":"Person","@id":"https:\/\/www.bergamositoweb.it\/sito-test\/#\/schema\/person\/4fdc66af9c64aa73b34349e4425eeb78","name":"admin","image":{"@type":"ImageObject","inLanguage":"it-IT","@id":"https:\/\/secure.gravatar.com\/avatar\/c35679d1bc817ac1daf9fdc2a38aed21a1251d8b51433e7153fafb4225544ebb?s=96&d=mm&r=g","url":"https:\/\/secure.gravatar.com\/avatar\/c35679d1bc817ac1daf9fdc2a38aed21a1251d8b51433e7153fafb4225544ebb?s=96&d=mm&r=g","contentUrl":"https:\/\/secure.gravatar.com\/avatar\/c35679d1bc817ac1daf9fdc2a38aed21a1251d8b51433e7153fafb4225544ebb?s=96&d=mm&r=g","caption":"admin"},"url":"https:\/\/www.bergamositoweb.it\/sito-test\/author\/admin\/"}]}},"_links":{"self":[{"href":"https:\/\/www.bergamositoweb.it\/sito-test\/wp-json\/wp\/v2\/posts\/2805","targetHints":{"allow":["GET"]}}],"collection":[{"href":"https:\/\/www.bergamositoweb.it\/sito-test\/wp-json\/wp\/v2\/posts"}],"about":[{"href":"https:\/\/www.bergamositoweb.it\/sito-test\/wp-json\/wp\/v2\/types\/post"}],"author":[{"embeddable":true,"href":"https:\/\/www.bergamositoweb.it\/sito-test\/wp-json\/wp\/v2\/users\/2"}],"replies":[{"embeddable":true,"href":"https:\/\/www.bergamositoweb.it\/sito-test\/wp-json\/wp\/v2\/comments?post=2805"}],"version-history":[{"count":17,"href":"https:\/\/www.bergamositoweb.it\/sito-test\/wp-json\/wp\/v2\/posts\/2805\/revisions"}],"predecessor-version":[{"id":2841,"href":"https:\/\/www.bergamositoweb.it\/sito-test\/wp-json\/wp\/v2\/posts\/2805\/revisions\/2841"}],"wp:featuredmedia":[{"embeddable":true,"href":"https:\/\/www.bergamositoweb.it\/sito-test\/wp-json\/wp\/v2\/media\/2806"}],"wp:attachment":[{"href":"https:\/\/www.bergamositoweb.it\/sito-test\/wp-json\/wp\/v2\/media?parent=2805"}],"wp:term":[{"taxonomy":"category","embeddable":true,"href":"https:\/\/www.bergamositoweb.it\/sito-test\/wp-json\/wp\/v2\/categories?post=2805"},{"taxonomy":"post_tag","embeddable":true,"href":"https:\/\/www.bergamositoweb.it\/sito-test\/wp-json\/wp\/v2\/tags?post=2805"}],"curies":[{"name":"wp","href":"https:\/\/api.w.org\/{rel}","templated":true}]}}